{"id":775,"date":"2018-08-27T11:05:44","date_gmt":"2018-08-27T09:05:44","guid":{"rendered":"http:\/\/www.hospiz-solingen.de\/wpn\/?p=775"},"modified":"2018-08-27T11:05:44","modified_gmt":"2018-08-27T09:05:44","slug":"benefizabend-mit-domian","status":"publish","type":"post","link":"https:\/\/www.hospiz-solingen.de\/wpn\/benefizabend-mit-domian\/","title":{"rendered":"Benefizabend mit Domian"},"content":{"rendered":"<p><a href=\"https:\/\/www.hospiz-solingen.de\/wpn\/wp-content\/uploads\/2018\/08\/Domian.jpg\"><img loading=\"lazy\" decoding=\"async\" class=\"size-medium wp-image-774 alignright\" src=\"https:\/\/www.hospiz-solingen.de\/wpn\/wp-content\/uploads\/2018\/08\/Domian-211x300.jpg\" alt=\"\" width=\"211\" height=\"300\" srcset=\"https:\/\/www.hospiz-solingen.de\/wpn\/wp-content\/uploads\/2018\/08\/Domian-211x300.jpg 211w, https:\/\/www.hospiz-solingen.de\/wpn\/wp-content\/uploads\/2018\/08\/Domian.jpg 530w\" sizes=\"auto, (max-width: 211px) 100vw, 211px\" \/><\/a>Der Journalist und Autor J\u00fcrgen Domian (u.a. Interview mit dem Tod und D\u00e4monen: Hansens Geschichte) erlangte durch die langj\u00e4hrige Moderation der gleichnamigen Radio-Talk-Sendung des WDR gro\u00dfe Bekanntheit. Schon lange sind ein bewusstes Leben, das Sterben und der Tod f\u00fcr ihn wichtige Themen. Domian unterst\u00fctzt die Hospizbewegung, spricht sich jedoch gleichzeitig sehr klar f\u00fcr\u00a0 aktive Sterbehilfe aus.<\/p>\n<p>Stefan Prinz, Lokalchef des Solinger Tageblatt, tritt an diesem Abend in das Gespr\u00e4ch und den Austausch mit J\u00fcrgen Domian, befragt ihn zu seinen Erfahrungen, seinem sozialen und politischen Engagement und pers\u00f6nlichen Einstellungen. \u00a0Und wer Domian bereits einmal live erlebt hat, wird bestimmt nicht \u00fcberrascht sein, dass er auch mit dem Publikum ins Gespr\u00e4ch kommen wird.<\/p>\n<p>Der Eintritt zu dieser Benefizveranstaltung erfolgt gegen Spende. F\u00fcr Getr\u00e4nke und einen Snack wird gesorgt werden.<\/p>\n<p><strong>Termin:\u00a0 \u00a0 \u00a0Samstag, der 01. September 2018, 20 Uhr<\/strong><\/p>\n<p><strong>Ort:\u00a0 \u00a0 \u00a0 \u00a0 \u00a0 \u00a0 \u00a0B\u00fcrgersaal der ev. Stadtkirche Solingen<\/strong><\/p>\n","protected":false},"excerpt":{"rendered":"<p>Der Journalist und Autor J\u00fcrgen Domian (u.a. Interview mit dem Tod und D\u00e4monen: Hansens Geschichte) erlangte durch die langj\u00e4hrige Moderation der gleichnamigen Radio-Talk-Sendung des WDR gro\u00dfe Bekanntheit. Schon lange sind ein bewusstes Leben, das Sterben und der Tod f\u00fcr ihn<\/p>\n","protected":false},"author":2,"featured_media":0,"comment_status":"closed","ping_status":"closed","sticky":false,"template":"","format":"standard","meta":{"footnotes":""},"categories":[1],"tags":[],"class_list":["post-775","post","type-post","status-publish","format-standard","hentry","category-allgemein"],"_links":{"self":[{"href":"https:\/\/www.hospiz-solingen.de\/wpn\/wp-json\/wp\/v2\/posts\/775","targetHints":{"allow":["GET"]}}],"collection":[{"href":"https:\/\/www.hospiz-solingen.de\/wpn\/wp-json\/wp\/v2\/posts"}],"about":[{"href":"https:\/\/www.hospiz-solingen.de\/wpn\/wp-json\/wp\/v2\/types\/post"}],"author":[{"embeddable":true,"href":"https:\/\/www.hospiz-solingen.de\/wpn\/wp-json\/wp\/v2\/users\/2"}],"replies":[{"embeddable":true,"href":"https:\/\/www.hospiz-solingen.de\/wpn\/wp-json\/wp\/v2\/comments?post=775"}],"version-history":[{"count":2,"href":"https:\/\/www.hospiz-solingen.de\/wpn\/wp-json\/wp\/v2\/posts\/775\/revisions"}],"predecessor-version":[{"id":777,"href":"https:\/\/www.hospiz-solingen.de\/wpn\/wp-json\/wp\/v2\/posts\/775\/revisions\/777"}],"wp:attachment":[{"href":"https:\/\/www.hospiz-solingen.de\/wpn\/wp-json\/wp\/v2\/media?parent=775"}],"wp:term":[{"taxonomy":"category","embeddable":true,"href":"https:\/\/www.hospiz-solingen.de\/wpn\/wp-json\/wp\/v2\/categories?post=775"},{"taxonomy":"post_tag","embeddable":true,"href":"https:\/\/www.hospiz-solingen.de\/wpn\/wp-json\/wp\/v2\/tags?post=775"}],"curies":[{"name":"wp","href":"https:\/\/api.w.org\/{rel}","templated":true}]}}