{"id":724,"date":"2017-11-29T11:20:58","date_gmt":"2017-11-29T10:20:58","guid":{"rendered":"http:\/\/www.hospiz-solingen.de\/wpn\/?p=724"},"modified":"2017-11-29T11:20:58","modified_gmt":"2017-11-29T10:20:58","slug":"advent-advent","status":"publish","type":"post","link":"https:\/\/www.hospiz-solingen.de\/wpn\/advent-advent\/","title":{"rendered":"&#8211; Advent Advent"},"content":{"rendered":"<p>&nbsp;<\/p>\n<p><a href=\"https:\/\/www.hospiz-solingen.de\/wpn\/wp-content\/uploads\/2017\/11\/WM_Bethanien_14-008.jpg\"><img loading=\"lazy\" decoding=\"async\" class=\"size-medium wp-image-723 alignleft\" src=\"https:\/\/www.hospiz-solingen.de\/wpn\/wp-content\/uploads\/2017\/11\/WM_Bethanien_14-008-300x225.jpg\" alt=\"\" width=\"300\" height=\"225\" srcset=\"https:\/\/www.hospiz-solingen.de\/wpn\/wp-content\/uploads\/2017\/11\/WM_Bethanien_14-008-300x225.jpg 300w, https:\/\/www.hospiz-solingen.de\/wpn\/wp-content\/uploads\/2017\/11\/WM_Bethanien_14-008-768x576.jpg 768w, https:\/\/www.hospiz-solingen.de\/wpn\/wp-content\/uploads\/2017\/11\/WM_Bethanien_14-008-1024x768.jpg 1024w\" sizes=\"auto, (max-width: 300px) 100vw, 300px\" \/><\/a><\/p>\n<p>Der Advent naht &#8230;<\/p>\n<p>&#8230; und da m\u00f6chten wir\u00a0Sie schon ein bisschen in Weihnachtsstimmung bringen.<\/p>\n<p>PHoS wird dieses Jahr auf gleich zwei Weihnachtsm\u00e4rkten mit eigenem Stand vertreten sein: Am kommenden Wochenende auf dem Weihnachtsmarkt im Gr\u00fcnder- und Technologiezentrum und dazu stehen wir in lieber Tradition am 09. und 10.12. auf dem Weihnachtsmarkt in Bethanien.<\/p>\n<p>Wir werden auch dieses Jahr wieder zwei tolle Handtaschen verlosen; Lose zum Preis von \u20ac 5,- gibt es ab sofort in der Gesch\u00e4ftsstelle und nat\u00fcrlich auf beiden Weihnachtsm\u00e4rkten.<\/p>\n<p>Lassen Sie sich\u00a0an den St\u00e4nden von sch\u00f6nen Lederwaren, Kerzen und Selbstgen\u00e4htem weihnachtlich inspirieren. Wir freuen uns auf\u00a0Ihren Besuch!<\/p>\n","protected":false},"excerpt":{"rendered":"<p>&nbsp; Der Advent naht &#8230; &#8230; und da m\u00f6chten wir\u00a0Sie schon ein bisschen in Weihnachtsstimmung bringen. PHoS wird dieses Jahr auf gleich zwei Weihnachtsm\u00e4rkten mit eigenem Stand vertreten sein: Am kommenden Wochenende auf dem Weihnachtsmarkt im Gr\u00fcnder- und Technologiezentrum und<\/p>\n","protected":false},"author":2,"featured_media":0,"comment_status":"closed","ping_status":"closed","sticky":false,"template":"","format":"standard","meta":{"footnotes":""},"categories":[1],"tags":[],"class_list":["post-724","post","type-post","status-publish","format-standard","hentry","category-allgemein"],"_links":{"self":[{"href":"https:\/\/www.hospiz-solingen.de\/wpn\/wp-json\/wp\/v2\/posts\/724","targetHints":{"allow":["GET"]}}],"collection":[{"href":"https:\/\/www.hospiz-solingen.de\/wpn\/wp-json\/wp\/v2\/posts"}],"about":[{"href":"https:\/\/www.hospiz-solingen.de\/wpn\/wp-json\/wp\/v2\/types\/post"}],"author":[{"embeddable":true,"href":"https:\/\/www.hospiz-solingen.de\/wpn\/wp-json\/wp\/v2\/users\/2"}],"replies":[{"embeddable":true,"href":"https:\/\/www.hospiz-solingen.de\/wpn\/wp-json\/wp\/v2\/comments?post=724"}],"version-history":[{"count":1,"href":"https:\/\/www.hospiz-solingen.de\/wpn\/wp-json\/wp\/v2\/posts\/724\/revisions"}],"predecessor-version":[{"id":725,"href":"https:\/\/www.hospiz-solingen.de\/wpn\/wp-json\/wp\/v2\/posts\/724\/revisions\/725"}],"wp:attachment":[{"href":"https:\/\/www.hospiz-solingen.de\/wpn\/wp-json\/wp\/v2\/media?parent=724"}],"wp:term":[{"taxonomy":"category","embeddable":true,"href":"https:\/\/www.hospiz-solingen.de\/wpn\/wp-json\/wp\/v2\/categories?post=724"},{"taxonomy":"post_tag","embeddable":true,"href":"https:\/\/www.hospiz-solingen.de\/wpn\/wp-json\/wp\/v2\/tags?post=724"}],"curies":[{"name":"wp","href":"https:\/\/api.w.org\/{rel}","templated":true}]}}