{"id":720,"date":"2017-10-11T12:51:06","date_gmt":"2017-10-11T10:51:06","guid":{"rendered":"http:\/\/www.hospiz-solingen.de\/wpn\/?p=720"},"modified":"2017-10-11T12:51:06","modified_gmt":"2017-10-11T10:51:06","slug":"tag-der-offenen-tuer","status":"publish","type":"post","link":"https:\/\/www.hospiz-solingen.de\/wpn\/tag-der-offenen-tuer\/","title":{"rendered":"&#8211; Tag der offenen T\u00fcr"},"content":{"rendered":"<p><span style=\"font-family: 'Georgia','serif'; color: #333333;\"><a href=\"https:\/\/www.hospiz-solingen.de\/wpn\/wp-content\/uploads\/2017\/10\/hospiz-und-palliativtage.nrw_-1.png\"><img loading=\"lazy\" decoding=\"async\" class=\"alignnone size-medium wp-image-719\" src=\"https:\/\/www.hospiz-solingen.de\/wpn\/wp-content\/uploads\/2017\/10\/hospiz-und-palliativtage.nrw_-1-300x81.png\" alt=\"\" width=\"300\" height=\"81\" srcset=\"https:\/\/www.hospiz-solingen.de\/wpn\/wp-content\/uploads\/2017\/10\/hospiz-und-palliativtage.nrw_-1-300x81.png 300w, https:\/\/www.hospiz-solingen.de\/wpn\/wp-content\/uploads\/2017\/10\/hospiz-und-palliativtage.nrw_-1-768x207.png 768w, https:\/\/www.hospiz-solingen.de\/wpn\/wp-content\/uploads\/2017\/10\/hospiz-und-palliativtage.nrw_-1.png 944w\" sizes=\"auto, (max-width: 300px) 100vw, 300px\" \/><\/a><\/span><\/p>\n<p><span style=\"font-family: 'Georgia','serif'; color: #333333;\">Im Rahmen der landesweit veranstalteten Hospiz- und Palliativtage NRW veranstalten wir am Samstag, dem 14.10.2017, von 11 bis 14 Uhr einen Tag der offenen T\u00fcr in der Gesch\u00e4ftsstelle des Vereins.<\/span><\/p>\n<p style=\"font-variant-ligatures: normal; font-variant-caps: normal; orphans: 2; text-align: start; widows: 2; -webkit-text-stroke-width: 0px; text-decoration-style: initial; text-decoration-color: initial; word-spacing: 0px;\"><span style=\"font-family: 'Georgia','serif'; color: #333333;\">Haupt- und ehrenamtliche MitarbeiterInnen werden zu Arbeit und Angeboten des Vereins informieren, jeweils zur vollen Stunde werden Vortr\u00e4ge und Beratungen zu Patientenverf\u00fcgungen stattfinden und zudem werden alle interessierten Besucher auf den aktuellen Stand zum Neubau des Station\u00e4ren Hospizes am Botanischen Garten gebracht. Auch f\u00fcr das leibliche Wohl wird mit Kaffee und Kuchen gesorgt.<\/span><\/p>\n<p style=\"font-variant-ligatures: normal; font-variant-caps: normal; orphans: 2; text-align: start; widows: 2; -webkit-text-stroke-width: 0px; text-decoration-style: initial; text-decoration-color: initial; word-spacing: 0px;\"><span style=\"font-family: 'Georgia','serif'; color: #333333;\">Ort: Gotenstr. 1, Haus R auf dem Gel\u00e4nde des St\u00e4dtischen Klinikums, Zufahrt \u00fcber Herberger Stra\u00dfe.\u00a0<\/span><\/p>\n<p style=\"font-variant-ligatures: normal; font-variant-caps: normal; orphans: 2; text-align: start; widows: 2; -webkit-text-stroke-width: 0px; text-decoration-style: initial; text-decoration-color: initial; word-spacing: 0px;\"><span style=\"font-family: 'Georgia','serif'; color: #333333;\">Wir freuen uns auf\u00a0Sie!<\/span><\/p>\n","protected":false},"excerpt":{"rendered":"<p>Im Rahmen der landesweit veranstalteten Hospiz- und Palliativtage NRW veranstalten wir am Samstag, dem 14.10.2017, von 11 bis 14 Uhr einen Tag der offenen T\u00fcr in der Gesch\u00e4ftsstelle des Vereins. Haupt- und ehrenamtliche MitarbeiterInnen werden zu Arbeit und Angeboten des<\/p>\n","protected":false},"author":2,"featured_media":0,"comment_status":"closed","ping_status":"closed","sticky":false,"template":"","format":"standard","meta":{"footnotes":""},"categories":[1],"tags":[],"class_list":["post-720","post","type-post","status-publish","format-standard","hentry","category-allgemein"],"_links":{"self":[{"href":"https:\/\/www.hospiz-solingen.de\/wpn\/wp-json\/wp\/v2\/posts\/720","targetHints":{"allow":["GET"]}}],"collection":[{"href":"https:\/\/www.hospiz-solingen.de\/wpn\/wp-json\/wp\/v2\/posts"}],"about":[{"href":"https:\/\/www.hospiz-solingen.de\/wpn\/wp-json\/wp\/v2\/types\/post"}],"author":[{"embeddable":true,"href":"https:\/\/www.hospiz-solingen.de\/wpn\/wp-json\/wp\/v2\/users\/2"}],"replies":[{"embeddable":true,"href":"https:\/\/www.hospiz-solingen.de\/wpn\/wp-json\/wp\/v2\/comments?post=720"}],"version-history":[{"count":1,"href":"https:\/\/www.hospiz-solingen.de\/wpn\/wp-json\/wp\/v2\/posts\/720\/revisions"}],"predecessor-version":[{"id":721,"href":"https:\/\/www.hospiz-solingen.de\/wpn\/wp-json\/wp\/v2\/posts\/720\/revisions\/721"}],"wp:attachment":[{"href":"https:\/\/www.hospiz-solingen.de\/wpn\/wp-json\/wp\/v2\/media?parent=720"}],"wp:term":[{"taxonomy":"category","embeddable":true,"href":"https:\/\/www.hospiz-solingen.de\/wpn\/wp-json\/wp\/v2\/categories?post=720"},{"taxonomy":"post_tag","embeddable":true,"href":"https:\/\/www.hospiz-solingen.de\/wpn\/wp-json\/wp\/v2\/tags?post=720"}],"curies":[{"name":"wp","href":"https:\/\/api.w.org\/{rel}","templated":true}]}}