{"id":698,"date":"2017-06-26T12:11:42","date_gmt":"2017-06-26T10:11:42","guid":{"rendered":"http:\/\/www.hospiz-solingen.de\/wpn\/?p=698"},"modified":"2017-06-26T12:11:42","modified_gmt":"2017-06-26T10:11:42","slug":"erfolgreiche-farbrausch-ausstellung","status":"publish","type":"post","link":"https:\/\/www.hospiz-solingen.de\/wpn\/erfolgreiche-farbrausch-ausstellung\/","title":{"rendered":"&#8211; Erfolgreiche Farbrausch-Ausstellung"},"content":{"rendered":"<p><a href=\"https:\/\/www.hospiz-solingen.de\/wpn\/wp-content\/uploads\/2017\/06\/Farbrausch1.jpg\"><img loading=\"lazy\" decoding=\"async\" class=\"alignnone size-medium wp-image-702\" src=\"https:\/\/www.hospiz-solingen.de\/wpn\/wp-content\/uploads\/2017\/06\/Farbrausch1-300x169.jpg\" alt=\"\" width=\"300\" height=\"169\" srcset=\"https:\/\/www.hospiz-solingen.de\/wpn\/wp-content\/uploads\/2017\/06\/Farbrausch1-300x169.jpg 300w, https:\/\/www.hospiz-solingen.de\/wpn\/wp-content\/uploads\/2017\/06\/Farbrausch1-768x432.jpg 768w, https:\/\/www.hospiz-solingen.de\/wpn\/wp-content\/uploads\/2017\/06\/Farbrausch1-1024x576.jpg 1024w, https:\/\/www.hospiz-solingen.de\/wpn\/wp-content\/uploads\/2017\/06\/Farbrausch1.jpg 1280w\" sizes=\"auto, (max-width: 300px) 100vw, 300px\" \/><\/a> <a href=\"https:\/\/www.hospiz-solingen.de\/wpn\/wp-content\/uploads\/2017\/06\/Farbrausch3.jpg\"><img loading=\"lazy\" decoding=\"async\" class=\"alignnone size-medium wp-image-701\" src=\"https:\/\/www.hospiz-solingen.de\/wpn\/wp-content\/uploads\/2017\/06\/Farbrausch3-300x169.jpg\" alt=\"\" width=\"300\" height=\"169\" srcset=\"https:\/\/www.hospiz-solingen.de\/wpn\/wp-content\/uploads\/2017\/06\/Farbrausch3-300x169.jpg 300w, https:\/\/www.hospiz-solingen.de\/wpn\/wp-content\/uploads\/2017\/06\/Farbrausch3-768x432.jpg 768w, https:\/\/www.hospiz-solingen.de\/wpn\/wp-content\/uploads\/2017\/06\/Farbrausch3-1024x576.jpg 1024w, https:\/\/www.hospiz-solingen.de\/wpn\/wp-content\/uploads\/2017\/06\/Farbrausch3.jpg 1280w\" sizes=\"auto, (max-width: 300px) 100vw, 300px\" \/><\/a> <a href=\"https:\/\/www.hospiz-solingen.de\/wpn\/wp-content\/uploads\/2017\/06\/Farbrausch2.jpg\"><img loading=\"lazy\" decoding=\"async\" class=\"alignnone size-medium wp-image-700\" src=\"https:\/\/www.hospiz-solingen.de\/wpn\/wp-content\/uploads\/2017\/06\/Farbrausch2-300x169.jpg\" alt=\"\" width=\"300\" height=\"169\" srcset=\"https:\/\/www.hospiz-solingen.de\/wpn\/wp-content\/uploads\/2017\/06\/Farbrausch2-300x169.jpg 300w, https:\/\/www.hospiz-solingen.de\/wpn\/wp-content\/uploads\/2017\/06\/Farbrausch2-768x432.jpg 768w, https:\/\/www.hospiz-solingen.de\/wpn\/wp-content\/uploads\/2017\/06\/Farbrausch2-1024x576.jpg 1024w, https:\/\/www.hospiz-solingen.de\/wpn\/wp-content\/uploads\/2017\/06\/Farbrausch2.jpg 1280w\" sizes=\"auto, (max-width: 300px) 100vw, 300px\" \/><\/a><\/p>\n<p>Mehr als \u20ac 1.900,- an Spenden sind bei der Farbrausch-Ausstellung der PHoS-Malgruppe in den G\u00fcterhallen zusammengekommen. Einen ganz herzlichen Dank an die Mitglieder der Malgruppe rund um Sabine Smith f\u00fcr ihre tolle Initiative wie auch an die Spender und K\u00e4ufer der Bilder!<\/p>\n","protected":false},"excerpt":{"rendered":"<p>Mehr als \u20ac 1.900,- an Spenden sind bei der Farbrausch-Ausstellung der PHoS-Malgruppe in den G\u00fcterhallen zusammengekommen. Einen ganz herzlichen Dank an die Mitglieder der Malgruppe rund um Sabine Smith f\u00fcr ihre tolle Initiative wie auch an die Spender und K\u00e4ufer<\/p>\n","protected":false},"author":2,"featured_media":0,"comment_status":"closed","ping_status":"closed","sticky":false,"template":"","format":"standard","meta":{"footnotes":""},"categories":[1],"tags":[],"class_list":["post-698","post","type-post","status-publish","format-standard","hentry","category-allgemein"],"_links":{"self":[{"href":"https:\/\/www.hospiz-solingen.de\/wpn\/wp-json\/wp\/v2\/posts\/698","targetHints":{"allow":["GET"]}}],"collection":[{"href":"https:\/\/www.hospiz-solingen.de\/wpn\/wp-json\/wp\/v2\/posts"}],"about":[{"href":"https:\/\/www.hospiz-solingen.de\/wpn\/wp-json\/wp\/v2\/types\/post"}],"author":[{"embeddable":true,"href":"https:\/\/www.hospiz-solingen.de\/wpn\/wp-json\/wp\/v2\/users\/2"}],"replies":[{"embeddable":true,"href":"https:\/\/www.hospiz-solingen.de\/wpn\/wp-json\/wp\/v2\/comments?post=698"}],"version-history":[{"count":2,"href":"https:\/\/www.hospiz-solingen.de\/wpn\/wp-json\/wp\/v2\/posts\/698\/revisions"}],"predecessor-version":[{"id":703,"href":"https:\/\/www.hospiz-solingen.de\/wpn\/wp-json\/wp\/v2\/posts\/698\/revisions\/703"}],"wp:attachment":[{"href":"https:\/\/www.hospiz-solingen.de\/wpn\/wp-json\/wp\/v2\/media?parent=698"}],"wp:term":[{"taxonomy":"category","embeddable":true,"href":"https:\/\/www.hospiz-solingen.de\/wpn\/wp-json\/wp\/v2\/categories?post=698"},{"taxonomy":"post_tag","embeddable":true,"href":"https:\/\/www.hospiz-solingen.de\/wpn\/wp-json\/wp\/v2\/tags?post=698"}],"curies":[{"name":"wp","href":"https:\/\/api.w.org\/{rel}","templated":true}]}}