{"id":690,"date":"2017-05-31T12:12:58","date_gmt":"2017-05-31T10:12:58","guid":{"rendered":"http:\/\/www.hospiz-solingen.de\/wpn\/?p=690"},"modified":"2017-05-31T12:32:49","modified_gmt":"2017-05-31T10:32:49","slug":"hospiz-im-farbrausch","status":"publish","type":"post","link":"https:\/\/www.hospiz-solingen.de\/wpn\/hospiz-im-farbrausch\/","title":{"rendered":"Ausstellungseinladung: Farbrausch"},"content":{"rendered":"<p><a href=\"https:\/\/www.hospiz-solingen.de\/wpn\/wp-content\/uploads\/2017\/05\/Farbrausch1.jpg\"><img loading=\"lazy\" decoding=\"async\" class=\"alignnone size-medium wp-image-689\" src=\"https:\/\/www.hospiz-solingen.de\/wpn\/wp-content\/uploads\/2017\/05\/Farbrausch1-300x151.jpg\" alt=\"\" width=\"300\" height=\"151\" srcset=\"https:\/\/www.hospiz-solingen.de\/wpn\/wp-content\/uploads\/2017\/05\/Farbrausch1-300x151.jpg 300w, https:\/\/www.hospiz-solingen.de\/wpn\/wp-content\/uploads\/2017\/05\/Farbrausch1-768x387.jpg 768w, https:\/\/www.hospiz-solingen.de\/wpn\/wp-content\/uploads\/2017\/05\/Farbrausch1.jpg 931w\" sizes=\"auto, (max-width: 300px) 100vw, 300px\" \/><\/a><a href=\"https:\/\/www.hospiz-solingen.de\/wpn\/wp-content\/uploads\/2017\/05\/Farbrausch1.jpg\"><img loading=\"lazy\" decoding=\"async\" class=\"alignnone size-medium wp-image-689\" src=\"https:\/\/www.hospiz-solingen.de\/wpn\/wp-content\/uploads\/2017\/05\/Farbrausch1-300x151.jpg\" alt=\"\" width=\"300\" height=\"151\" srcset=\"https:\/\/www.hospiz-solingen.de\/wpn\/wp-content\/uploads\/2017\/05\/Farbrausch1-300x151.jpg 300w, https:\/\/www.hospiz-solingen.de\/wpn\/wp-content\/uploads\/2017\/05\/Farbrausch1-768x387.jpg 768w, https:\/\/www.hospiz-solingen.de\/wpn\/wp-content\/uploads\/2017\/05\/Farbrausch1.jpg 931w\" sizes=\"auto, (max-width: 300px) 100vw, 300px\" \/><\/a><\/p>\n<div class=\"_1mf _1mj\" data-offset-key=\"15adj-0-0\">Herzliche Einladung zur Ausstellungser\u00f6ffnung am Sonntag, dem 04. Juni, um 15 Uhr: Die aus engagierten Ehrenamtlichen bestehende K\u00fcnstlerinnen-Gruppe stellt eine Auswahl ihrer Werke im Atelier SK in den G\u00fcterhallen aus. Wir w\u00fcnschen ein ber\u00fchrendes Erlebnis mit Kunst, die aus der Begegnung mit Sterben, Tod und Trauer entstanden ist!<\/div>\n<div class=\"_1mf _1mj\" data-offset-key=\"15adj-0-0\"><\/div>\n<div class=\"_1mf _1mj\" data-offset-key=\"15adj-0-0\">Ort: Atelier SK \u2013 Solinger K\u00fcnstler, Alexander-Coppel-Str. 44, 42651 Solingen<\/div>\n<div class=\"_1mf _1mj\" data-offset-key=\"15adj-0-0\">Ausstellungser\u00f6ffnung: Sonntag, 04. Juni 2017, 15 Uhr. Ausstellungsende: 11. Juni<\/div>\n<div class=\"_1mf _1mj\" data-offset-key=\"15adj-0-0\">\u00d6ffnungszeiten: Mi. &amp; Do., 17-19 Uhr, So. 11 bis 18 Uhr<\/div>\n","protected":false},"excerpt":{"rendered":"<p>Herzliche Einladung zur Ausstellungser\u00f6ffnung am Sonntag, dem 04. Juni, um 15 Uhr: Die aus engagierten Ehrenamtlichen bestehende K\u00fcnstlerinnen-Gruppe stellt eine Auswahl ihrer Werke im Atelier SK in den G\u00fcterhallen aus. Wir w\u00fcnschen ein ber\u00fchrendes Erlebnis mit Kunst, die aus der<\/p>\n","protected":false},"author":2,"featured_media":0,"comment_status":"closed","ping_status":"closed","sticky":false,"template":"","format":"standard","meta":{"footnotes":""},"categories":[1],"tags":[],"class_list":["post-690","post","type-post","status-publish","format-standard","hentry","category-allgemein"],"_links":{"self":[{"href":"https:\/\/www.hospiz-solingen.de\/wpn\/wp-json\/wp\/v2\/posts\/690","targetHints":{"allow":["GET"]}}],"collection":[{"href":"https:\/\/www.hospiz-solingen.de\/wpn\/wp-json\/wp\/v2\/posts"}],"about":[{"href":"https:\/\/www.hospiz-solingen.de\/wpn\/wp-json\/wp\/v2\/types\/post"}],"author":[{"embeddable":true,"href":"https:\/\/www.hospiz-solingen.de\/wpn\/wp-json\/wp\/v2\/users\/2"}],"replies":[{"embeddable":true,"href":"https:\/\/www.hospiz-solingen.de\/wpn\/wp-json\/wp\/v2\/comments?post=690"}],"version-history":[{"count":4,"href":"https:\/\/www.hospiz-solingen.de\/wpn\/wp-json\/wp\/v2\/posts\/690\/revisions"}],"predecessor-version":[{"id":695,"href":"https:\/\/www.hospiz-solingen.de\/wpn\/wp-json\/wp\/v2\/posts\/690\/revisions\/695"}],"wp:attachment":[{"href":"https:\/\/www.hospiz-solingen.de\/wpn\/wp-json\/wp\/v2\/media?parent=690"}],"wp:term":[{"taxonomy":"category","embeddable":true,"href":"https:\/\/www.hospiz-solingen.de\/wpn\/wp-json\/wp\/v2\/categories?post=690"},{"taxonomy":"post_tag","embeddable":true,"href":"https:\/\/www.hospiz-solingen.de\/wpn\/wp-json\/wp\/v2\/tags?post=690"}],"curies":[{"name":"wp","href":"https:\/\/api.w.org\/{rel}","templated":true}]}}