{"id":666,"date":"2017-03-31T11:29:24","date_gmt":"2017-03-31T09:29:24","guid":{"rendered":"http:\/\/www.hospiz-solingen.de\/wpn\/?p=666"},"modified":"2017-03-31T11:29:24","modified_gmt":"2017-03-31T09:29:24","slug":"wir-sind-im-radio","status":"publish","type":"post","link":"https:\/\/www.hospiz-solingen.de\/wpn\/wir-sind-im-radio\/","title":{"rendered":"&#8211; wir sind im Radio"},"content":{"rendered":"<p>Sonntag,\u00a02. April um 19:04 Uhr im B\u00fcrgerfunk \u00fcber Radio RSG h\u00f6ren Sie ein Interview mit unserer zweiten Vorsitzenden Angelika Beyer.<\/p>\n<p>Ab Montag kann man den Beitrag auch \u00fcber die Internetseite des 19null4 Radiomagazins anh\u00f6ren<\/p>\n<p><a href=\"http:\/\/www.19null4-radiomagazin.de\">www.19null4-radiomagazin.de<\/a><\/p>\n","protected":false},"excerpt":{"rendered":"<p>Sonntag,\u00a02. April um 19:04 Uhr im B\u00fcrgerfunk \u00fcber Radio RSG h\u00f6ren Sie ein Interview mit unserer zweiten Vorsitzenden Angelika Beyer. Ab Montag kann man den Beitrag auch \u00fcber die Internetseite des 19null4 Radiomagazins anh\u00f6ren www.19null4-radiomagazin.de<\/p>\n","protected":false},"author":2,"featured_media":0,"comment_status":"closed","ping_status":"closed","sticky":false,"template":"","format":"standard","meta":{"footnotes":""},"categories":[1],"tags":[],"class_list":["post-666","post","type-post","status-publish","format-standard","hentry","category-allgemein"],"_links":{"self":[{"href":"https:\/\/www.hospiz-solingen.de\/wpn\/wp-json\/wp\/v2\/posts\/666","targetHints":{"allow":["GET"]}}],"collection":[{"href":"https:\/\/www.hospiz-solingen.de\/wpn\/wp-json\/wp\/v2\/posts"}],"about":[{"href":"https:\/\/www.hospiz-solingen.de\/wpn\/wp-json\/wp\/v2\/types\/post"}],"author":[{"embeddable":true,"href":"https:\/\/www.hospiz-solingen.de\/wpn\/wp-json\/wp\/v2\/users\/2"}],"replies":[{"embeddable":true,"href":"https:\/\/www.hospiz-solingen.de\/wpn\/wp-json\/wp\/v2\/comments?post=666"}],"version-history":[{"count":1,"href":"https:\/\/www.hospiz-solingen.de\/wpn\/wp-json\/wp\/v2\/posts\/666\/revisions"}],"predecessor-version":[{"id":667,"href":"https:\/\/www.hospiz-solingen.de\/wpn\/wp-json\/wp\/v2\/posts\/666\/revisions\/667"}],"wp:attachment":[{"href":"https:\/\/www.hospiz-solingen.de\/wpn\/wp-json\/wp\/v2\/media?parent=666"}],"wp:term":[{"taxonomy":"category","embeddable":true,"href":"https:\/\/www.hospiz-solingen.de\/wpn\/wp-json\/wp\/v2\/categories?post=666"},{"taxonomy":"post_tag","embeddable":true,"href":"https:\/\/www.hospiz-solingen.de\/wpn\/wp-json\/wp\/v2\/tags?post=666"}],"curies":[{"name":"wp","href":"https:\/\/api.w.org\/{rel}","templated":true}]}}