{"id":656,"date":"2017-03-13T08:51:07","date_gmt":"2017-03-13T07:51:07","guid":{"rendered":"http:\/\/www.hospiz-solingen.de\/wpn\/?p=656"},"modified":"2017-03-13T09:35:16","modified_gmt":"2017-03-13T08:35:16","slug":"25-03-2017-gospelbenefiz-konzert-mit-unisono-und-young-voices","status":"publish","type":"post","link":"https:\/\/www.hospiz-solingen.de\/wpn\/25-03-2017-gospelbenefiz-konzert-mit-unisono-und-young-voices\/","title":{"rendered":"&#8211; 25.03. 2017 Gospelbenefiz-Konzert mit Unisono und Young Voices"},"content":{"rendered":"<p><a href=\"https:\/\/www.hospiz-solingen.de\/wpn\/wp-content\/uploads\/2017\/02\/Gospel_klein.jpg\"><img loading=\"lazy\" decoding=\"async\" class=\"size-medium wp-image-653 alignleft\" src=\"https:\/\/www.hospiz-solingen.de\/wpn\/wp-content\/uploads\/2017\/02\/Gospel_klein-212x300.jpg\" alt=\"\" width=\"212\" height=\"300\" srcset=\"https:\/\/www.hospiz-solingen.de\/wpn\/wp-content\/uploads\/2017\/02\/Gospel_klein-212x300.jpg 212w, https:\/\/www.hospiz-solingen.de\/wpn\/wp-content\/uploads\/2017\/02\/Gospel_klein.jpg 334w\" sizes=\"auto, (max-width: 212px) 100vw, 212px\" \/><\/a><\/p>\n<p>Am Samstag, dem 25. M\u00e4rz, um 19 Uhr ist es soweit: Unter der Leitung von Elisabeth Szak\u00e1cs geben die Ch\u00f6re Unisono und Young Voices ein Gospel-Benefizkonzert zugunsten von PHoS.\u00a0Wir freuen uns auf einen emotionalen und musikalisch anspruchsvollen\u00a0Abend mit den\u00a0Gr\u00e4frather Gospelch\u00f6ren. Karten zum Preis von \u20ac 15,-\/erm. \u20ac 12,- sind ab sofort in der PHoS-Gesch\u00e4ftsstelle (9-12 Uhr) sowie mittwochs und freitags von 18-19 Uhr im Gemeindehaus Ketzberg, Tersteegenstr. 52 erh\u00e4ltlich.<\/p>\n<p>Ort: Kapelle Diakonisches Werk Bethanien<br \/>\nZeit: 19 Uhr \/ Einlass: 18.30<\/p>\n<p>&nbsp;<\/p>\n<p>&nbsp;<\/p>\n<p>&nbsp;<\/p>\n<p>&nbsp;<\/p>\n","protected":false},"excerpt":{"rendered":"<p>Am Samstag, dem 25. M\u00e4rz, um 19 Uhr ist es soweit: Unter der Leitung von Elisabeth Szak\u00e1cs geben die Ch\u00f6re Unisono und Young Voices ein Gospel-Benefizkonzert zugunsten von PHoS.\u00a0Wir freuen uns auf einen emotionalen und musikalisch anspruchsvollen\u00a0Abend mit den\u00a0Gr\u00e4frather Gospelch\u00f6ren.<\/p>\n","protected":false},"author":2,"featured_media":0,"comment_status":"closed","ping_status":"closed","sticky":false,"template":"","format":"standard","meta":{"footnotes":""},"categories":[1],"tags":[],"class_list":["post-656","post","type-post","status-publish","format-standard","hentry","category-allgemein"],"_links":{"self":[{"href":"https:\/\/www.hospiz-solingen.de\/wpn\/wp-json\/wp\/v2\/posts\/656","targetHints":{"allow":["GET"]}}],"collection":[{"href":"https:\/\/www.hospiz-solingen.de\/wpn\/wp-json\/wp\/v2\/posts"}],"about":[{"href":"https:\/\/www.hospiz-solingen.de\/wpn\/wp-json\/wp\/v2\/types\/post"}],"author":[{"embeddable":true,"href":"https:\/\/www.hospiz-solingen.de\/wpn\/wp-json\/wp\/v2\/users\/2"}],"replies":[{"embeddable":true,"href":"https:\/\/www.hospiz-solingen.de\/wpn\/wp-json\/wp\/v2\/comments?post=656"}],"version-history":[{"count":4,"href":"https:\/\/www.hospiz-solingen.de\/wpn\/wp-json\/wp\/v2\/posts\/656\/revisions"}],"predecessor-version":[{"id":664,"href":"https:\/\/www.hospiz-solingen.de\/wpn\/wp-json\/wp\/v2\/posts\/656\/revisions\/664"}],"wp:attachment":[{"href":"https:\/\/www.hospiz-solingen.de\/wpn\/wp-json\/wp\/v2\/media?parent=656"}],"wp:term":[{"taxonomy":"category","embeddable":true,"href":"https:\/\/www.hospiz-solingen.de\/wpn\/wp-json\/wp\/v2\/categories?post=656"},{"taxonomy":"post_tag","embeddable":true,"href":"https:\/\/www.hospiz-solingen.de\/wpn\/wp-json\/wp\/v2\/tags?post=656"}],"curies":[{"name":"wp","href":"https:\/\/api.w.org\/{rel}","templated":true}]}}