{"id":647,"date":"2017-02-02T10:16:38","date_gmt":"2017-02-02T09:16:38","guid":{"rendered":"http:\/\/www.hospiz-solingen.de\/wpn\/?p=647"},"modified":"2017-02-02T10:16:38","modified_gmt":"2017-02-02T09:16:38","slug":"ulrichs-ambulante-pflege-sammelt-fuers-hospiz","status":"publish","type":"post","link":"https:\/\/www.hospiz-solingen.de\/wpn\/ulrichs-ambulante-pflege-sammelt-fuers-hospiz\/","title":{"rendered":"&#8211; Ulrich\u2019s ambulante Pflege sammelt f\u00fcrs Hospiz"},"content":{"rendered":"<p><a href=\"https:\/\/www.hospiz-solingen.de\/wpn\/wp-content\/uploads\/2017\/02\/Spende.jpg\"><img loading=\"lazy\" decoding=\"async\" class=\"size-medium wp-image-646 alignleft\" src=\"https:\/\/www.hospiz-solingen.de\/wpn\/wp-content\/uploads\/2017\/02\/Spende-300x225.jpg\" alt=\"\" width=\"300\" height=\"225\" \/><\/a><\/p>\n<p>In einer gemeinsamen Aktion haben die Mitarbeiter und die Gesch\u00e4ftsleitung des Solinger Pflegedienstes \u20ac 1.000,- f\u00fcr das Palliative Hospiz Solingen gesammelt. Die Mitarbeiter haben zu Weihnachten eine Sammlung f\u00fcr den Hospizbau durchgef\u00fchrt. Diese Spenden hat die Gesch\u00e4ftsleitung des Pflegedienstes gro\u00dfz\u00fcgig verdoppelt und durch eine Aktion \u201eSpenden statt Geschenke\u201c aufgerundet.<br \/>\n&nbsp;<\/p>\n<p style=\"text-align: left;\">Nun darf sich das Palliative Hospiz Solingen \u00fcber \u20ac 1.000,- f\u00fcr das Baukonto freuen.<\/p>\n<p>&nbsp;<\/p>\n","protected":false},"excerpt":{"rendered":"<p>In einer gemeinsamen Aktion haben die Mitarbeiter und die Gesch\u00e4ftsleitung des Solinger Pflegedienstes \u20ac 1.000,- f\u00fcr das Palliative Hospiz Solingen gesammelt. Die Mitarbeiter haben zu Weihnachten eine Sammlung f\u00fcr den Hospizbau durchgef\u00fchrt. Diese Spenden hat die Gesch\u00e4ftsleitung des Pflegedienstes gro\u00dfz\u00fcgig<\/p>\n","protected":false},"author":2,"featured_media":0,"comment_status":"closed","ping_status":"closed","sticky":false,"template":"","format":"standard","meta":{"footnotes":""},"categories":[1],"tags":[],"class_list":["post-647","post","type-post","status-publish","format-standard","hentry","category-allgemein"],"_links":{"self":[{"href":"https:\/\/www.hospiz-solingen.de\/wpn\/wp-json\/wp\/v2\/posts\/647","targetHints":{"allow":["GET"]}}],"collection":[{"href":"https:\/\/www.hospiz-solingen.de\/wpn\/wp-json\/wp\/v2\/posts"}],"about":[{"href":"https:\/\/www.hospiz-solingen.de\/wpn\/wp-json\/wp\/v2\/types\/post"}],"author":[{"embeddable":true,"href":"https:\/\/www.hospiz-solingen.de\/wpn\/wp-json\/wp\/v2\/users\/2"}],"replies":[{"embeddable":true,"href":"https:\/\/www.hospiz-solingen.de\/wpn\/wp-json\/wp\/v2\/comments?post=647"}],"version-history":[{"count":2,"href":"https:\/\/www.hospiz-solingen.de\/wpn\/wp-json\/wp\/v2\/posts\/647\/revisions"}],"predecessor-version":[{"id":649,"href":"https:\/\/www.hospiz-solingen.de\/wpn\/wp-json\/wp\/v2\/posts\/647\/revisions\/649"}],"wp:attachment":[{"href":"https:\/\/www.hospiz-solingen.de\/wpn\/wp-json\/wp\/v2\/media?parent=647"}],"wp:term":[{"taxonomy":"category","embeddable":true,"href":"https:\/\/www.hospiz-solingen.de\/wpn\/wp-json\/wp\/v2\/categories?post=647"},{"taxonomy":"post_tag","embeddable":true,"href":"https:\/\/www.hospiz-solingen.de\/wpn\/wp-json\/wp\/v2\/tags?post=647"}],"curies":[{"name":"wp","href":"https:\/\/api.w.org\/{rel}","templated":true}]}}