{"id":607,"date":"2017-09-04T11:30:28","date_gmt":"2017-09-04T09:30:28","guid":{"rendered":"http:\/\/www.hospiz-solingen.de\/wpn\/?p=607"},"modified":"2017-09-04T11:49:17","modified_gmt":"2017-09-04T09:49:17","slug":"48-solinger-zoeppkesmarkt-2016","status":"publish","type":"post","link":"https:\/\/www.hospiz-solingen.de\/wpn\/48-solinger-zoeppkesmarkt-2016\/","title":{"rendered":"&#8211; 49. Solinger Z\u00f6ppkesmarkt 2017"},"content":{"rendered":"<p><a href=\"https:\/\/www.hospiz-solingen.de\/wpn\/wp-content\/uploads\/2017\/09\/Zoeppi.jpg\"><img loading=\"lazy\" decoding=\"async\" class=\"size-medium wp-image-716 alignleft\" src=\"https:\/\/www.hospiz-solingen.de\/wpn\/wp-content\/uploads\/2017\/09\/Zoeppi-300x200.jpg\" alt=\"\" width=\"300\" height=\"200\" srcset=\"https:\/\/www.hospiz-solingen.de\/wpn\/wp-content\/uploads\/2017\/09\/Zoeppi-300x200.jpg 300w, https:\/\/www.hospiz-solingen.de\/wpn\/wp-content\/uploads\/2017\/09\/Zoeppi-768x513.jpg 768w, https:\/\/www.hospiz-solingen.de\/wpn\/wp-content\/uploads\/2017\/09\/Zoeppi-1024x684.jpg 1024w, https:\/\/www.hospiz-solingen.de\/wpn\/wp-content\/uploads\/2017\/09\/Zoeppi.jpg 1157w\" sizes=\"auto, (max-width: 300px) 100vw, 300px\" \/><\/a><\/p>\n<p>Auch in diesem Jahr findet vom 08.-10. September der allj\u00e4hrliche Z\u00f6ppkesmarkt statt und PHoS ist nat\u00fcrlich mit einem Stand dabei. Das \u201eTr\u00f6del-, Volks- und Stra\u00dfenfest\u201c ist eine Solinger Institution mit langj\u00e4hriger Tradition.<\/p>\n<p>Der Hauptteil der St\u00e4nde wird u. a. von Vereinen, Schulen, freundschaftlichen Standgemeinschaften und Kindern gestellt.<\/p>\n<p><em>Dieses Jahr stehen wir wieder an altbekannter Stelle zwischen P &amp; C und den Clemens Galerien<\/em><\/p>\n<p>Kommt zum St\u00f6bern vorbei!<\/p>\n","protected":false},"excerpt":{"rendered":"<p>Auch in diesem Jahr findet vom 08.-10. September der allj\u00e4hrliche Z\u00f6ppkesmarkt statt und PHoS ist nat\u00fcrlich mit einem Stand dabei. Das \u201eTr\u00f6del-, Volks- und Stra\u00dfenfest\u201c ist eine Solinger Institution mit langj\u00e4hriger Tradition. Der Hauptteil der St\u00e4nde wird u. a. von<\/p>\n","protected":false},"author":2,"featured_media":0,"comment_status":"closed","ping_status":"closed","sticky":false,"template":"","format":"standard","meta":{"footnotes":""},"categories":[1],"tags":[],"class_list":["post-607","post","type-post","status-publish","format-standard","hentry","category-allgemein"],"_links":{"self":[{"href":"https:\/\/www.hospiz-solingen.de\/wpn\/wp-json\/wp\/v2\/posts\/607","targetHints":{"allow":["GET"]}}],"collection":[{"href":"https:\/\/www.hospiz-solingen.de\/wpn\/wp-json\/wp\/v2\/posts"}],"about":[{"href":"https:\/\/www.hospiz-solingen.de\/wpn\/wp-json\/wp\/v2\/types\/post"}],"author":[{"embeddable":true,"href":"https:\/\/www.hospiz-solingen.de\/wpn\/wp-json\/wp\/v2\/users\/2"}],"replies":[{"embeddable":true,"href":"https:\/\/www.hospiz-solingen.de\/wpn\/wp-json\/wp\/v2\/comments?post=607"}],"version-history":[{"count":6,"href":"https:\/\/www.hospiz-solingen.de\/wpn\/wp-json\/wp\/v2\/posts\/607\/revisions"}],"predecessor-version":[{"id":717,"href":"https:\/\/www.hospiz-solingen.de\/wpn\/wp-json\/wp\/v2\/posts\/607\/revisions\/717"}],"wp:attachment":[{"href":"https:\/\/www.hospiz-solingen.de\/wpn\/wp-json\/wp\/v2\/media?parent=607"}],"wp:term":[{"taxonomy":"category","embeddable":true,"href":"https:\/\/www.hospiz-solingen.de\/wpn\/wp-json\/wp\/v2\/categories?post=607"},{"taxonomy":"post_tag","embeddable":true,"href":"https:\/\/www.hospiz-solingen.de\/wpn\/wp-json\/wp\/v2\/tags?post=607"}],"curies":[{"name":"wp","href":"https:\/\/api.w.org\/{rel}","templated":true}]}}