{"id":1342,"date":"2025-10-28T12:11:49","date_gmt":"2025-10-28T11:11:49","guid":{"rendered":"https:\/\/www.hospiz-solingen.de\/wpn\/?p=1342"},"modified":"2025-10-28T12:24:46","modified_gmt":"2025-10-28T11:24:46","slug":"weihnachtsmarkt-am-3-adventwochenende","status":"publish","type":"post","link":"https:\/\/www.hospiz-solingen.de\/wpn\/weihnachtsmarkt-am-3-adventwochenende\/","title":{"rendered":"&#8211; Weihnachtsmarkt am 3. Adventwochenende!"},"content":{"rendered":"\n<p>Zum dritten Mal veranstalten wir mit der Stiftung Botanischer Garten wieder einen Weihnachtsmarkt. Am 13. und 14. Dezember von 11.00 bis 20.00 bzw. 19.00 Uhr am Sonntag bieten dieses Jahr noch mehr Aussteller ihr Kunsthandwerk in den Gew\u00e4chsh\u00e4usern, auf dem Au\u00dfengel\u00e4nde des Botanischen Gartens und des Hospizes an. Neben einem vielf\u00e4ltigen Rahmenprogramm f\u00fcr Gro\u00df und Klein wird es auch unterschiedlichste Speisen- und Getr\u00e4nkeangebote geben.<\/p>\n\n\n\n<p><a href=\"https:\/\/www.hospiz-solingen.de\/wpn\/wp-content\/uploads\/2025\/10\/Plakat_dezember-weihnachtsmarkt2025.pdf\">Plakat<\/a><\/p>\n\n\n\n<p><\/p>\n","protected":false},"excerpt":{"rendered":"<p>Zum dritten Mal veranstalten wir mit der Stiftung Botanischer Garten wieder einen Weihnachtsmarkt. Am 13. und 14. Dezember von 11.00 bis 20.00 bzw. 19.00 Uhr am Sonntag bieten dieses Jahr noch mehr Aussteller ihr Kunsthandwerk in den Gew\u00e4chsh\u00e4usern, auf dem<\/p>\n","protected":false},"author":2,"featured_media":0,"comment_status":"closed","ping_status":"closed","sticky":false,"template":"","format":"standard","meta":{"footnotes":""},"categories":[1],"tags":[],"class_list":["post-1342","post","type-post","status-publish","format-standard","hentry","category-allgemein"],"_links":{"self":[{"href":"https:\/\/www.hospiz-solingen.de\/wpn\/wp-json\/wp\/v2\/posts\/1342","targetHints":{"allow":["GET"]}}],"collection":[{"href":"https:\/\/www.hospiz-solingen.de\/wpn\/wp-json\/wp\/v2\/posts"}],"about":[{"href":"https:\/\/www.hospiz-solingen.de\/wpn\/wp-json\/wp\/v2\/types\/post"}],"author":[{"embeddable":true,"href":"https:\/\/www.hospiz-solingen.de\/wpn\/wp-json\/wp\/v2\/users\/2"}],"replies":[{"embeddable":true,"href":"https:\/\/www.hospiz-solingen.de\/wpn\/wp-json\/wp\/v2\/comments?post=1342"}],"version-history":[{"count":3,"href":"https:\/\/www.hospiz-solingen.de\/wpn\/wp-json\/wp\/v2\/posts\/1342\/revisions"}],"predecessor-version":[{"id":1346,"href":"https:\/\/www.hospiz-solingen.de\/wpn\/wp-json\/wp\/v2\/posts\/1342\/revisions\/1346"}],"wp:attachment":[{"href":"https:\/\/www.hospiz-solingen.de\/wpn\/wp-json\/wp\/v2\/media?parent=1342"}],"wp:term":[{"taxonomy":"category","embeddable":true,"href":"https:\/\/www.hospiz-solingen.de\/wpn\/wp-json\/wp\/v2\/categories?post=1342"},{"taxonomy":"post_tag","embeddable":true,"href":"https:\/\/www.hospiz-solingen.de\/wpn\/wp-json\/wp\/v2\/tags?post=1342"}],"curies":[{"name":"wp","href":"https:\/\/api.w.org\/{rel}","templated":true}]}}